{"id":80,"date":"2019-10-17T16:12:40","date_gmt":"2019-10-17T16:12:40","guid":{"rendered":"http:\/\/marioschkah.de\/?p=80"},"modified":"2019-10-17T16:12:46","modified_gmt":"2019-10-17T16:12:46","slug":"mein-erster-tag-auf-der-fbm19","status":"publish","type":"post","link":"http:\/\/marioschkah.de\/?p=80","title":{"rendered":"Mein erster Tag auf der #fbm19"},"content":{"rendered":"\n<p>Langsam geht mein erster Tag der Frankfurter Buchmesse zu Ende. Vormittags hab ich noch mit den letzten \u00dcberarbeitungen zu meinem eigenen Buch verbracht. Den Nachmittag habe ich mich versucht auf der Buchmesse zu orientieren \ud83d\ude00 Erster Termin war das erste pers\u00f6nliche Treffen mit meiner Lektorin Lisa Reim. \u00dcber eine Stunde haben wir uns \u00fcber die Erfahrungen untereinander und \u00fcber das Schreiben generell unterhalten. Wir werden sicher noch weiter miteinander arbeiten. Wir beide freuen uns auf die gemeinsame Arbeit am zweiten Band \ud83d\ude42<\/p>\n\n\n\n<p>Ansonsten hab ich mir noch die Location angeschaut, an der ich am Samstag meine Pr\u00e4sentation halten werde. Einerseits recht abgelegen, aber dennoch einfach zu finden und au\u00dferhalb des Trubels eines Mittelgangs. Bin gespannt. Die Nervosit\u00e4t steigt \ud83d\ude42<\/p>\n\n\n\n<figure class=\"wp-block-image\"><img loading=\"lazy\" decoding=\"async\" width=\"1024\" height=\"768\" src=\"http:\/\/marioschkah.de\/wp-content\/uploads\/2019\/10\/Frankfurt-Authors-1024x768.jpeg\" alt=\"\" class=\"wp-image-82\" srcset=\"http:\/\/marioschkah.de\/wp-content\/uploads\/2019\/10\/Frankfurt-Authors-1024x768.jpeg 1024w, http:\/\/marioschkah.de\/wp-content\/uploads\/2019\/10\/Frankfurt-Authors-300x225.jpeg 300w, http:\/\/marioschkah.de\/wp-content\/uploads\/2019\/10\/Frankfurt-Authors-768x576.jpeg 768w, http:\/\/marioschkah.de\/wp-content\/uploads\/2019\/10\/Frankfurt-Authors-120x90.jpeg 120w\" sizes=\"(max-width: 1024px) 100vw, 1024px\" \/><\/figure>\n\n\n\n<figure class=\"wp-block-image\"><img loading=\"lazy\" decoding=\"async\" width=\"768\" height=\"1024\" src=\"http:\/\/marioschkah.de\/wp-content\/uploads\/2019\/10\/IMG_2524-1-768x1024.jpg\" alt=\"\" class=\"wp-image-84\" srcset=\"http:\/\/marioschkah.de\/wp-content\/uploads\/2019\/10\/IMG_2524-1-768x1024.jpg 768w, http:\/\/marioschkah.de\/wp-content\/uploads\/2019\/10\/IMG_2524-1-225x300.jpg 225w\" sizes=\"(max-width: 768px) 100vw, 768px\" \/><\/figure>\n","protected":false},"excerpt":{"rendered":"<p>Langsam geht mein erster Tag der Frankfurter Buchmesse zu Ende. Vormittags hab ich noch mit den letzten \u00dcberarbeitungen zu meinem eigenen Buch verbracht. Den Nachmittag habe ich mich versucht auf der Buchmesse zu orientieren \ud83d\ude00 Erster Termin war das erste pers\u00f6nliche Treffen mit meiner Lektorin Lisa Reim. \u00dcber eine Stunde haben wir uns \u00fcber die <a class=\"more-link\" href=\"http:\/\/marioschkah.de\/?p=80\">Weiterlesen\u00a0\u2026<\/a><\/p>\n","protected":false},"author":1,"featured_media":0,"comment_status":"open","ping_status":"open","sticky":false,"template":"","format":"standard","meta":{"jetpack_post_was_ever_published":false,"_jetpack_newsletter_access":"","_jetpack_dont_email_post_to_subs":false,"_jetpack_newsletter_tier_id":0,"_jetpack_memberships_contains_paywalled_content":false,"_jetpack_memberships_contains_paid_content":false,"footnotes":""},"categories":[1],"tags":[],"jetpack_featured_media_url":"","jetpack_sharing_enabled":true,"post_mailing_queue_ids":[],"_links":{"self":[{"href":"http:\/\/marioschkah.de\/index.php?rest_route=\/wp\/v2\/posts\/80"}],"collection":[{"href":"http:\/\/marioschkah.de\/index.php?rest_route=\/wp\/v2\/posts"}],"about":[{"href":"http:\/\/marioschkah.de\/index.php?rest_route=\/wp\/v2\/types\/post"}],"author":[{"embeddable":true,"href":"http:\/\/marioschkah.de\/index.php?rest_route=\/wp\/v2\/users\/1"}],"replies":[{"embeddable":true,"href":"http:\/\/marioschkah.de\/index.php?rest_route=%2Fwp%2Fv2%2Fcomments&post=80"}],"version-history":[{"count":1,"href":"http:\/\/marioschkah.de\/index.php?rest_route=\/wp\/v2\/posts\/80\/revisions"}],"predecessor-version":[{"id":85,"href":"http:\/\/marioschkah.de\/index.php?rest_route=\/wp\/v2\/posts\/80\/revisions\/85"}],"wp:attachment":[{"href":"http:\/\/marioschkah.de\/index.php?rest_route=%2Fwp%2Fv2%2Fmedia&parent=80"}],"wp:term":[{"taxonomy":"category","embeddable":true,"href":"http:\/\/marioschkah.de\/index.php?rest_route=%2Fwp%2Fv2%2Fcategories&post=80"},{"taxonomy":"post_tag","embeddable":true,"href":"http:\/\/marioschkah.de\/index.php?rest_route=%2Fwp%2Fv2%2Ftags&post=80"}],"curies":[{"name":"wp","href":"https:\/\/api.w.org\/{rel}","templated":true}]}}