{"id":341,"date":"2023-10-21T10:52:29","date_gmt":"2023-10-21T10:52:29","guid":{"rendered":"http:\/\/marioschkah.de\/?p=341"},"modified":"2023-10-21T10:54:26","modified_gmt":"2023-10-21T10:54:26","slug":"veroeffentlichung-von-band-3-die-buerde-von-medina","status":"publish","type":"post","link":"http:\/\/marioschkah.de\/?p=341","title":{"rendered":"Ver\u00f6ffentlichung von Band 3 &#8222;Die B\u00fcrde von Medina&#8220;"},"content":{"rendered":"\n<p>Lange hat es gedauert, doch endlich ist der dritte Band meiner Urban Fantasy Reihe &#8222;Von Magie und Unsterblichkeit&#8220; \u00fcberall als Ebook und Taschenbuch erh\u00e4ltlich \ud83d\ude42<\/p>\n\n\n\n<figure class=\"wp-block-image size-large\"><img loading=\"lazy\" decoding=\"async\" width=\"1024\" height=\"1024\" src=\"http:\/\/marioschkah.de\/wp-content\/uploads\/2023\/10\/VMUU3-Mockup-1024x1024.jpg\" alt=\"\" class=\"wp-image-342\" srcset=\"http:\/\/marioschkah.de\/wp-content\/uploads\/2023\/10\/VMUU3-Mockup-1024x1024.jpg 1024w, http:\/\/marioschkah.de\/wp-content\/uploads\/2023\/10\/VMUU3-Mockup-300x300.jpg 300w, http:\/\/marioschkah.de\/wp-content\/uploads\/2023\/10\/VMUU3-Mockup-150x150.jpg 150w, http:\/\/marioschkah.de\/wp-content\/uploads\/2023\/10\/VMUU3-Mockup-768x768.jpg 768w, http:\/\/marioschkah.de\/wp-content\/uploads\/2023\/10\/VMUU3-Mockup.jpg 1080w\" sizes=\"(max-width: 1024px) 100vw, 1024px\" \/><\/figure>\n\n\n\n<p>Dazu habe ich auf der Frankfurter Buchmesse am Sonntag einen Meet &amp; Greet Spot am Stand des Selfpublisher-Stands (Halle 3.0, Stand 118) ergattert. Ab 15:15 Uhr biete ich dort alle meiner drei B\u00e4nde an und freu mich auf das eine oder andere Gespr\u00e4ch dort. Ein paar Leser hatten schon angek\u00fcndigt, dass sie ein H\u00fchnchen mit mir zu rupfen h\u00e4tten \ud83d\ude00<\/p>\n","protected":false},"excerpt":{"rendered":"<p>Lange hat es gedauert, doch endlich ist der dritte Band meiner Urban Fantasy Reihe &#8222;Von Magie und Unsterblichkeit&#8220; \u00fcberall als Ebook und Taschenbuch erh\u00e4ltlich \ud83d\ude42 Dazu habe ich auf der Frankfurter Buchmesse am Sonntag einen Meet &amp; Greet Spot am Stand des Selfpublisher-Stands (Halle 3.0, Stand 118) ergattert. Ab 15:15 Uhr biete ich dort alle <a class=\"more-link\" href=\"http:\/\/marioschkah.de\/?p=341\">Weiterlesen\u00a0\u2026<\/a><\/p>\n","protected":false},"author":1,"featured_media":342,"comment_status":"open","ping_status":"open","sticky":false,"template":"","format":"standard","meta":{"jetpack_post_was_ever_published":false,"_jetpack_newsletter_access":"","_jetpack_dont_email_post_to_subs":false,"_jetpack_newsletter_tier_id":0,"_jetpack_memberships_contains_paywalled_content":false,"_jetpack_memberships_contains_paid_content":false,"footnotes":""},"categories":[1],"tags":[],"jetpack_featured_media_url":"http:\/\/marioschkah.de\/wp-content\/uploads\/2023\/10\/VMUU3-Mockup.jpg","jetpack_sharing_enabled":true,"post_mailing_queue_ids":[],"_links":{"self":[{"href":"http:\/\/marioschkah.de\/index.php?rest_route=\/wp\/v2\/posts\/341"}],"collection":[{"href":"http:\/\/marioschkah.de\/index.php?rest_route=\/wp\/v2\/posts"}],"about":[{"href":"http:\/\/marioschkah.de\/index.php?rest_route=\/wp\/v2\/types\/post"}],"author":[{"embeddable":true,"href":"http:\/\/marioschkah.de\/index.php?rest_route=\/wp\/v2\/users\/1"}],"replies":[{"embeddable":true,"href":"http:\/\/marioschkah.de\/index.php?rest_route=%2Fwp%2Fv2%2Fcomments&post=341"}],"version-history":[{"count":1,"href":"http:\/\/marioschkah.de\/index.php?rest_route=\/wp\/v2\/posts\/341\/revisions"}],"predecessor-version":[{"id":343,"href":"http:\/\/marioschkah.de\/index.php?rest_route=\/wp\/v2\/posts\/341\/revisions\/343"}],"wp:featuredmedia":[{"embeddable":true,"href":"http:\/\/marioschkah.de\/index.php?rest_route=\/wp\/v2\/media\/342"}],"wp:attachment":[{"href":"http:\/\/marioschkah.de\/index.php?rest_route=%2Fwp%2Fv2%2Fmedia&parent=341"}],"wp:term":[{"taxonomy":"category","embeddable":true,"href":"http:\/\/marioschkah.de\/index.php?rest_route=%2Fwp%2Fv2%2Fcategories&post=341"},{"taxonomy":"post_tag","embeddable":true,"href":"http:\/\/marioschkah.de\/index.php?rest_route=%2Fwp%2Fv2%2Ftags&post=341"}],"curies":[{"name":"wp","href":"https:\/\/api.w.org\/{rel}","templated":true}]}}