{"id":320,"date":"2023-02-27T08:31:36","date_gmt":"2023-02-27T08:31:36","guid":{"rendered":"http:\/\/marioschkah.de\/?p=320"},"modified":"2023-02-27T08:32:57","modified_gmt":"2023-02-27T08:32:57","slug":"lesung-auf-der-leipziger-buchmesse-2023","status":"publish","type":"post","link":"http:\/\/marioschkah.de\/?p=320","title":{"rendered":"Lesung auf der Leipziger Buchmesse 2023"},"content":{"rendered":"\n<p>Ich melde mich mit einer tollen Nachricht zur\u00fcck aus meiner kleinen Social Media Pause.<\/p>\n\n\n\n<p>Im Rahmen der Leipziger Buchmesse konnte ich zusammen mit meiner Kollegin Naomi Huber einen Slot f\u00fcr eine Lesung auf der Leseb\u00fchne ergattern. Und einen tollen Termin noch dazu \ud83d\ude42<\/p>\n\n\n\n<p>Solltet ihr euch also am Sonntag, den 30.04.2023 auf dem Messegel\u00e4nde tummeln, dann schaut doch gerne ab 13:30 Uhr in der Halle 5, am Stand A305 (Leseinsel) vorbei. Eine halbe Stunde lang f\u00fchren wir euch dann durch unsere Welten von Ka\u2019ara und Ashturia.<\/p>\n\n\n\n<p>Hierbei stelle ich zum ersten Mal Band 3 \u201eDie B\u00fcrde von Medina\u201c und Naomi Band 2 ihrer Ashturia Reihe vor.<\/p>\n\n\n\n<p>Ich freue mich schon unb\u00e4ndig auf diese M\u00f6glichkeit und darauf, viele interessierte Gesichter zu sehen und ggf. auch danach noch ins Gespr\u00e4ch zu kommen. Ich stehe gerne jeder Frage offen gegen\u00fcber.<\/p>\n\n\n\n<figure class=\"wp-block-image size-large\"><img loading=\"lazy\" decoding=\"async\" width=\"1024\" height=\"871\" src=\"http:\/\/marioschkah.de\/wp-content\/uploads\/2023\/02\/Bildschirm\u00adfoto-2023-02-23-um-17.58.56-1-1024x871.png\" alt=\"\" class=\"wp-image-323\" srcset=\"http:\/\/marioschkah.de\/wp-content\/uploads\/2023\/02\/Bildschirm\u00adfoto-2023-02-23-um-17.58.56-1-1024x871.png 1024w, http:\/\/marioschkah.de\/wp-content\/uploads\/2023\/02\/Bildschirm\u00adfoto-2023-02-23-um-17.58.56-1-300x255.png 300w, http:\/\/marioschkah.de\/wp-content\/uploads\/2023\/02\/Bildschirm\u00adfoto-2023-02-23-um-17.58.56-1-768x653.png 768w, http:\/\/marioschkah.de\/wp-content\/uploads\/2023\/02\/Bildschirm\u00adfoto-2023-02-23-um-17.58.56-1-1536x1307.png 1536w, http:\/\/marioschkah.de\/wp-content\/uploads\/2023\/02\/Bildschirm\u00adfoto-2023-02-23-um-17.58.56-1-2048x1743.png 2048w\" sizes=\"(max-width: 1024px) 100vw, 1024px\" \/><\/figure>\n\n\n\n<p>Die Social Media Abstinenz tat mir auch in diesem Jahr, zum zweiten Mal in Folge, sehr gut. Dabei habe ich nur die ersten zwei von vier geplanten Wochen konsequent durchgezogen, weil doch ein paar interessante Sachen aufgeploppt sind, denen ich mich nicht verschlie\u00dfen wollte.<\/p>\n\n\n\n<p>Ich habe die Zeit genutzt, um den Kopf endlich wieder klarer zu bekommen und etwas Ordnung zu schaffen \u2013 die Seele baumeln lassen \ud83d\ude42 Aber auch Recherchearbeit trug dazu bei, wieder mehr Verst\u00e4ndnis und Klarheit in die letzten Z\u00fcge von Band 3 zu bekommen. Bis Mitte M\u00e4rz sind die Arbeiten am Manuskript voraussichtlich abgeschlossen.<\/p>\n","protected":false},"excerpt":{"rendered":"<p>Ich melde mich mit einer tollen Nachricht zur\u00fcck aus meiner kleinen Social Media Pause. Im Rahmen der Leipziger Buchmesse konnte ich zusammen mit meiner Kollegin Naomi Huber einen Slot f\u00fcr eine Lesung auf der Leseb\u00fchne ergattern. Und einen tollen Termin noch dazu \ud83d\ude42 Solltet ihr euch also am Sonntag, den 30.04.2023 auf dem Messegel\u00e4nde tummeln, <a class=\"more-link\" href=\"http:\/\/marioschkah.de\/?p=320\">Weiterlesen\u00a0\u2026<\/a><\/p>\n","protected":false},"author":1,"featured_media":321,"comment_status":"open","ping_status":"open","sticky":false,"template":"","format":"standard","meta":{"jetpack_post_was_ever_published":false,"_jetpack_newsletter_access":"","_jetpack_dont_email_post_to_subs":false,"_jetpack_newsletter_tier_id":0,"_jetpack_memberships_contains_paywalled_content":false,"_jetpack_memberships_contains_paid_content":false,"footnotes":""},"categories":[1],"tags":[49,46,47,48],"jetpack_featured_media_url":"http:\/\/marioschkah.de\/wp-content\/uploads\/2023\/02\/Bildschirm\u00adfoto-2023-02-23-um-17.58.56.png","jetpack_sharing_enabled":true,"post_mailing_queue_ids":[],"_links":{"self":[{"href":"http:\/\/marioschkah.de\/index.php?rest_route=\/wp\/v2\/posts\/320"}],"collection":[{"href":"http:\/\/marioschkah.de\/index.php?rest_route=\/wp\/v2\/posts"}],"about":[{"href":"http:\/\/marioschkah.de\/index.php?rest_route=\/wp\/v2\/types\/post"}],"author":[{"embeddable":true,"href":"http:\/\/marioschkah.de\/index.php?rest_route=\/wp\/v2\/users\/1"}],"replies":[{"embeddable":true,"href":"http:\/\/marioschkah.de\/index.php?rest_route=%2Fwp%2Fv2%2Fcomments&post=320"}],"version-history":[{"count":2,"href":"http:\/\/marioschkah.de\/index.php?rest_route=\/wp\/v2\/posts\/320\/revisions"}],"predecessor-version":[{"id":324,"href":"http:\/\/marioschkah.de\/index.php?rest_route=\/wp\/v2\/posts\/320\/revisions\/324"}],"wp:featuredmedia":[{"embeddable":true,"href":"http:\/\/marioschkah.de\/index.php?rest_route=\/wp\/v2\/media\/321"}],"wp:attachment":[{"href":"http:\/\/marioschkah.de\/index.php?rest_route=%2Fwp%2Fv2%2Fmedia&parent=320"}],"wp:term":[{"taxonomy":"category","embeddable":true,"href":"http:\/\/marioschkah.de\/index.php?rest_route=%2Fwp%2Fv2%2Fcategories&post=320"},{"taxonomy":"post_tag","embeddable":true,"href":"http:\/\/marioschkah.de\/index.php?rest_route=%2Fwp%2Fv2%2Ftags&post=320"}],"curies":[{"name":"wp","href":"https:\/\/api.w.org\/{rel}","templated":true}]}}