{"id":166,"date":"2020-08-16T13:54:46","date_gmt":"2020-08-16T13:54:46","guid":{"rendered":"http:\/\/marioschkah.de\/?p=166"},"modified":"2020-08-16T13:54:50","modified_gmt":"2020-08-16T13:54:50","slug":"vmuu-band2-seit-heute-bei-den-test-betalesern","status":"publish","type":"post","link":"http:\/\/marioschkah.de\/?p=166","title":{"rendered":"#vmuu Band2 seit heute bei den Test\/Betalesern"},"content":{"rendered":"\n<p>Heute ging der fertige Band2 meiner Urban-Fantasy Reihe &#8222;Von Magie und Unsterblichkeit&#8220; an meine Test-, bzw. Betaleser. W\u00e4hrend sie sich die ersten Meinungen zur Fortsetzung der Geschichte um Susan und die W\u00e4chter Andalons machen, begebe ich mich auf die Suche nach einem Illustrator f\u00fcr das Cover. Und ich denke, dass ich da auch schon auf jemanden gesto\u00dfen bin, der nicht nur den neuen, sondern auch den ersten Band neu gestalten wird. Ich freue mich auf die Zusammenarbeit und bin gespannt, auf die einzelnen Entstehungsschritte, bis das Cover seine endg\u00fcltige Gestalt angenommen hat.<\/p>\n\n\n\n<p>Und weil ich damit nat\u00fcrlich neben der normalen Arbeit noch nicht ausgelastet bin *hust* schreibe ich nat\u00fcrlich auch schon an den ersten Rohkapiteln von Band3 XD<\/p>\n\n\n\n<p>Aber generell habe ich vor, die n\u00e4chsten Wochen etwas k\u00fcrzer zu treten und meinem Organismus auch mal wieder etwas Leerlauf zu g\u00f6nnen, bevor dann die Vorbereitungen auf die #fbm20 anlaufen. Am liebsten w\u00fcrde ich ein paar sehr liebe Leute besuchen, die ich schon \u00fcber ein Jahr nicht mehr gesehen habe. Allerdings will ich nicht gegen die Vernunft laufen und sie oder ihre Familien in Gefahr bringen. Und ein Treffen auf Abstand und mit Maske, davon halte ich dann auch wenig.<\/p>\n","protected":false},"excerpt":{"rendered":"<p>Heute ging der fertige Band2 meiner Urban-Fantasy Reihe &#8222;Von Magie und Unsterblichkeit&#8220; an meine Test-, bzw. Betaleser. W\u00e4hrend sie sich die ersten Meinungen zur Fortsetzung der Geschichte um Susan und die W\u00e4chter Andalons machen, begebe ich mich auf die Suche nach einem Illustrator f\u00fcr das Cover. Und ich denke, dass ich da auch schon auf <a class=\"more-link\" href=\"http:\/\/marioschkah.de\/?p=166\">Weiterlesen\u00a0\u2026<\/a><\/p>\n","protected":false},"author":1,"featured_media":0,"comment_status":"open","ping_status":"open","sticky":false,"template":"","format":"standard","meta":{"jetpack_post_was_ever_published":false,"_jetpack_newsletter_access":"","_jetpack_dont_email_post_to_subs":false,"_jetpack_newsletter_tier_id":0,"_jetpack_memberships_contains_paywalled_content":false,"_jetpack_memberships_contains_paid_content":false,"footnotes":""},"categories":[1],"tags":[25,4,20,7,24,23,9,8,10],"jetpack_featured_media_url":"","jetpack_sharing_enabled":true,"post_mailing_queue_ids":[],"_links":{"self":[{"href":"http:\/\/marioschkah.de\/index.php?rest_route=\/wp\/v2\/posts\/166"}],"collection":[{"href":"http:\/\/marioschkah.de\/index.php?rest_route=\/wp\/v2\/posts"}],"about":[{"href":"http:\/\/marioschkah.de\/index.php?rest_route=\/wp\/v2\/types\/post"}],"author":[{"embeddable":true,"href":"http:\/\/marioschkah.de\/index.php?rest_route=\/wp\/v2\/users\/1"}],"replies":[{"embeddable":true,"href":"http:\/\/marioschkah.de\/index.php?rest_route=%2Fwp%2Fv2%2Fcomments&post=166"}],"version-history":[{"count":1,"href":"http:\/\/marioschkah.de\/index.php?rest_route=\/wp\/v2\/posts\/166\/revisions"}],"predecessor-version":[{"id":167,"href":"http:\/\/marioschkah.de\/index.php?rest_route=\/wp\/v2\/posts\/166\/revisions\/167"}],"wp:attachment":[{"href":"http:\/\/marioschkah.de\/index.php?rest_route=%2Fwp%2Fv2%2Fmedia&parent=166"}],"wp:term":[{"taxonomy":"category","embeddable":true,"href":"http:\/\/marioschkah.de\/index.php?rest_route=%2Fwp%2Fv2%2Fcategories&post=166"},{"taxonomy":"post_tag","embeddable":true,"href":"http:\/\/marioschkah.de\/index.php?rest_route=%2Fwp%2Fv2%2Ftags&post=166"}],"curies":[{"name":"wp","href":"https:\/\/api.w.org\/{rel}","templated":true}]}}